{"id":979,"date":"2018-05-21T14:31:23","date_gmt":"2018-05-21T12:31:23","guid":{"rendered":"https:\/\/dezavelle.com\/cabinet-dpo\/?p=979"},"modified":"2018-05-21T15:09:19","modified_gmt":"2018-05-21T13:09:19","slug":"rgpd-pia-eivp-analyse-d-impact","status":"publish","type":"post","link":"https:\/\/dezavelle.com\/cabinet-dpo\/rgpd-pia-eivp-analyse-d-impact\/","title":{"rendered":"RGPD J-15 &#8230; analyse d&rsquo;impact au programme"},"content":{"rendered":"<h1><b>RGPD J-15<\/b><\/h1>\n<h2><strong>\u00ab <b>L\u2019analyse d\u2019impact\u00a0: mesure pr\u00e9ventive en cas de risques pour les droits et libert\u00e9s des personnes<\/b> \u00bb<\/strong><\/h2>\n<p>Dans le cas o\u00f9 un traitement des donn\u00e9es personnelles est susceptible de pr\u00e9senter un risque important pour les droits et libert\u00e9s des individus, le responsable de traitement est dans l\u2019obligation de proc\u00e9der \u00e0 une \u00e9tude d\u2019impact sur la vie priv\u00e9e (EIVP ou PIA).<\/p>\n<p>Elle doit \u00eatre men\u00e9e en amont de tout traitement de donn\u00e9es et est notamment \u00e0 mettre en \u0153uvre en pr\u00e9sence de donn\u00e9es personnelles \u00e0 caract\u00e8re sensible, de donn\u00e9es relatives aux personnes vuln\u00e9rables (personnes \u00e2g\u00e9es, enfants, \u2026) ou en cas de collecte de donn\u00e9es personnelles \u00e0 grande \u00e9chelle.<\/p>\n<p><a href=\"https:\/\/www.gdpr-expert.eu\/article.html?id=35&amp;post_type=post#textesofficiels\" target=\"_blank\" rel=\"noopener\">Article 35 du RGPD<\/a>.<\/p>\n<p><strong>Les bonnes questions \u00e0 se poser :\u00a0<\/strong><\/p>\n<ol>\n<li>Quels pourraient \u00eatre les impacts sur les personnes concern\u00e9es en cas\u00a0:<\/li>\n<\/ol>\n<ul>\n<li>\u00a0\u00a0 d\u2019acc\u00e8s ill\u00e9gitime\u00a0?<\/li>\n<li>\u00a0\u00a0 de modification non d\u00e9sir\u00e9e\u00a0?<\/li>\n<li>\u00a0\u00a0 de disparition\u00a0?<\/li>\n<\/ul>\n<ol start=\"2\">\n<li>Est-ce grave\u00a0?<\/li>\n<li>Comment chacun de ces sc\u00e9narios pourrait-il arriver\u00a0?<\/li>\n<li>Est-ce vraisemblable\u00a0?<\/li>\n<li>Quelles mesures (de pr\u00e9vention, de protection, de d\u00e9tection, de r\u00e9action\u2026) devrait-on\u00a0pr\u00e9voir pour r\u00e9duire ces risques \u00e0 un niveau acceptable\u00a0?<\/li>\n<\/ol>\n<p>Pour aller plus loin, voir le <a href=\"https:\/\/www.cnil.fr\/fr\/garantir-la-securite-des-donnees\" target=\"_blank\" rel=\"noopener\">site de la CNIL<\/a><\/p>\n<p>N&rsquo;h\u00e9sitez pas \u00e0 <a href=\"https:\/\/dezavelle.com\/cabinet-dpo\/contact\/\">nous contacter<\/a> pour toute information<\/p>\n","protected":false},"excerpt":{"rendered":"<p>RGPD J-15 \u00ab L\u2019analyse d\u2019impact\u00a0: mesure pr\u00e9ventive en cas de risques pour les droits et libert\u00e9s des personnes \u00bb Dans le cas o\u00f9 un traitement des donn\u00e9es personnelles est susceptible de pr\u00e9senter un risque important pour les droits et libert\u00e9s des individus, le responsable de traitement est dans l\u2019obligation de proc\u00e9der \u00e0 une \u00e9tude d\u2019impact [&hellip;]<\/p>\n","protected":false},"author":3,"featured_media":976,"comment_status":"closed","ping_status":"open","sticky":false,"template":"","format":"standard","meta":{"footnotes":""},"categories":[4],"tags":[50,44,49,37,48,19],"yoast_head":"<!-- This site is optimized with the Yoast SEO plugin v20.4 - https:\/\/yoast.com\/wordpress\/plugins\/seo\/ -->\n<title>RGPD J-15 ... analyse d&#039;impact au programme<\/title>\n<meta name=\"description\" content=\"Dans le cas o\u00f9 un traitement des donn\u00e9es personnelles est susceptible de pr\u00e9senter un risque important pour les droits et libert\u00e9s des individus, le responsable de traitement est dans l\u2019obligation de proc\u00e9der \u00e0 une \u00e9tude d\u2019impact sur la vie priv\u00e9e (EIVP ou PIA)\" \/>\n<meta name=\"robots\" content=\"index, follow, max-snippet:-1, max-image-preview:large, max-video-preview:-1\" \/>\n<link rel=\"canonical\" href=\"https:\/\/dezavelle.com\/cabinet-dpo\/rgpd-pia-eivp-analyse-d-impact\/\" \/>\n<meta property=\"og:locale\" content=\"fr_FR\" \/>\n<meta property=\"og:type\" content=\"article\" \/>\n<meta property=\"og:title\" content=\"RGPD J-15 ... analyse d&#039;impact au programme\" \/>\n<meta property=\"og:description\" content=\"L\u2019analyse d\u2019impact\u00a0: mesure pr\u00e9ventive en cas de risques pour les droits et libert\u00e9s des personnes\" \/>\n<meta property=\"og:url\" content=\"https:\/\/dezavelle.com\/cabinet-dpo\/rgpd-pia-eivp-analyse-d-impact\/\" \/>\n<meta property=\"og:site_name\" content=\"Dezavelle\" \/>\n<meta property=\"article:published_time\" content=\"2018-05-21T12:31:23+00:00\" \/>\n<meta property=\"article:modified_time\" content=\"2018-05-21T13:09:19+00:00\" \/>\n<meta property=\"og:image\" content=\"https:\/\/dezavelle.com\/cabinet-dpo\/wp-content\/uploads\/2018\/05\/J-15-Analyse-dimpact.jpg\" \/>\n\t<meta property=\"og:image:width\" content=\"960\" \/>\n\t<meta property=\"og:image:height\" content=\"804\" \/>\n\t<meta property=\"og:image:type\" content=\"image\/jpeg\" \/>\n<meta name=\"author\" content=\"Sandra\" \/>\n<meta name=\"twitter:card\" content=\"summary_large_image\" \/>\n<meta name=\"twitter:title\" content=\"RGPD J-15 ... analyse d&#039;impact au programme\" \/>\n<meta name=\"twitter:description\" content=\"L\u2019analyse d\u2019impact\u00a0: mesure pr\u00e9ventive en cas de risques pour les droits et libert\u00e9s des personnes\" \/>\n<meta name=\"twitter:image\" content=\"https:\/\/dezavelle.com\/cabinet-dpo\/wp-content\/uploads\/2018\/05\/J-15-Analyse-dimpact.jpg\" \/>\n<meta name=\"twitter:label1\" content=\"\u00c9crit par\" \/>\n\t<meta name=\"twitter:data1\" content=\"Sandra\" \/>\n\t<meta name=\"twitter:label2\" content=\"Dur\u00e9e de lecture estim\u00e9e\" \/>\n\t<meta name=\"twitter:data2\" content=\"1 minute\" \/>\n<script type=\"application\/ld+json\" class=\"yoast-schema-graph\">{\"@context\":\"https:\/\/schema.org\",\"@graph\":[{\"@type\":\"WebPage\",\"@id\":\"https:\/\/dezavelle.com\/cabinet-dpo\/rgpd-pia-eivp-analyse-d-impact\/\",\"url\":\"https:\/\/dezavelle.com\/cabinet-dpo\/rgpd-pia-eivp-analyse-d-impact\/\",\"name\":\"RGPD J-15 ... analyse d'impact au programme\",\"isPartOf\":{\"@id\":\"https:\/\/dezavelle.com\/cabinet-dpo\/#website\"},\"datePublished\":\"2018-05-21T12:31:23+00:00\",\"dateModified\":\"2018-05-21T13:09:19+00:00\",\"author\":{\"@id\":\"https:\/\/dezavelle.com\/cabinet-dpo\/#\/schema\/person\/59ea01a3ef48a19c20a1fee6431eb4e9\"},\"description\":\"Dans le cas o\u00f9 un traitement des donn\u00e9es personnelles est susceptible de pr\u00e9senter un risque important pour les droits et libert\u00e9s des individus, le responsable de traitement est dans l\u2019obligation de proc\u00e9der \u00e0 une \u00e9tude d\u2019impact sur la vie priv\u00e9e (EIVP ou PIA)\",\"breadcrumb\":{\"@id\":\"https:\/\/dezavelle.com\/cabinet-dpo\/rgpd-pia-eivp-analyse-d-impact\/#breadcrumb\"},\"inLanguage\":\"fr-FR\",\"potentialAction\":[{\"@type\":\"ReadAction\",\"target\":[\"https:\/\/dezavelle.com\/cabinet-dpo\/rgpd-pia-eivp-analyse-d-impact\/\"]}]},{\"@type\":\"BreadcrumbList\",\"@id\":\"https:\/\/dezavelle.com\/cabinet-dpo\/rgpd-pia-eivp-analyse-d-impact\/#breadcrumb\",\"itemListElement\":[{\"@type\":\"ListItem\",\"position\":1,\"name\":\"Accueil\",\"item\":\"https:\/\/dezavelle.com\/cabinet-dpo\/\"},{\"@type\":\"ListItem\",\"position\":2,\"name\":\"RGPD J-15 &#8230; analyse d&rsquo;impact au programme\"}]},{\"@type\":\"WebSite\",\"@id\":\"https:\/\/dezavelle.com\/cabinet-dpo\/#website\",\"url\":\"https:\/\/dezavelle.com\/cabinet-dpo\/\",\"name\":\"Dezavelle\",\"description\":\"\",\"potentialAction\":[{\"@type\":\"SearchAction\",\"target\":{\"@type\":\"EntryPoint\",\"urlTemplate\":\"https:\/\/dezavelle.com\/cabinet-dpo\/?s={search_term_string}\"},\"query-input\":\"required name=search_term_string\"}],\"inLanguage\":\"fr-FR\"},{\"@type\":\"Person\",\"@id\":\"https:\/\/dezavelle.com\/cabinet-dpo\/#\/schema\/person\/59ea01a3ef48a19c20a1fee6431eb4e9\",\"name\":\"Sandra\",\"image\":{\"@type\":\"ImageObject\",\"inLanguage\":\"fr-FR\",\"@id\":\"https:\/\/dezavelle.com\/cabinet-dpo\/#\/schema\/person\/image\/\",\"url\":\"https:\/\/secure.gravatar.com\/avatar\/be7be2f59215b39ed756a0c2d87532ba?s=96&d=mm&r=g\",\"contentUrl\":\"https:\/\/secure.gravatar.com\/avatar\/be7be2f59215b39ed756a0c2d87532ba?s=96&d=mm&r=g\",\"caption\":\"Sandra\"},\"url\":\"https:\/\/dezavelle.com\/cabinet-dpo\/author\/sandra\/\"}]}<\/script>\n<!-- \/ Yoast SEO plugin. -->","yoast_head_json":{"title":"RGPD J-15 ... analyse d'impact au programme","description":"Dans le cas o\u00f9 un traitement des donn\u00e9es personnelles est susceptible de pr\u00e9senter un risque important pour les droits et libert\u00e9s des individus, le responsable de traitement est dans l\u2019obligation de proc\u00e9der \u00e0 une \u00e9tude d\u2019impact sur la vie priv\u00e9e (EIVP ou PIA)","robots":{"index":"index","follow":"follow","max-snippet":"max-snippet:-1","max-image-preview":"max-image-preview:large","max-video-preview":"max-video-preview:-1"},"canonical":"https:\/\/dezavelle.com\/cabinet-dpo\/rgpd-pia-eivp-analyse-d-impact\/","og_locale":"fr_FR","og_type":"article","og_title":"RGPD J-15 ... analyse d'impact au programme","og_description":"L\u2019analyse d\u2019impact\u00a0: mesure pr\u00e9ventive en cas de risques pour les droits et libert\u00e9s des personnes","og_url":"https:\/\/dezavelle.com\/cabinet-dpo\/rgpd-pia-eivp-analyse-d-impact\/","og_site_name":"Dezavelle","article_published_time":"2018-05-21T12:31:23+00:00","article_modified_time":"2018-05-21T13:09:19+00:00","og_image":[{"width":960,"height":804,"url":"https:\/\/dezavelle.com\/cabinet-dpo\/wp-content\/uploads\/2018\/05\/J-15-Analyse-dimpact.jpg","type":"image\/jpeg"}],"author":"Sandra","twitter_card":"summary_large_image","twitter_title":"RGPD J-15 ... analyse d'impact au programme","twitter_description":"L\u2019analyse d\u2019impact\u00a0: mesure pr\u00e9ventive en cas de risques pour les droits et libert\u00e9s des personnes","twitter_image":"https:\/\/dezavelle.com\/cabinet-dpo\/wp-content\/uploads\/2018\/05\/J-15-Analyse-dimpact.jpg","twitter_misc":{"\u00c9crit par":"Sandra","Dur\u00e9e de lecture estim\u00e9e":"1 minute"},"schema":{"@context":"https:\/\/schema.org","@graph":[{"@type":"WebPage","@id":"https:\/\/dezavelle.com\/cabinet-dpo\/rgpd-pia-eivp-analyse-d-impact\/","url":"https:\/\/dezavelle.com\/cabinet-dpo\/rgpd-pia-eivp-analyse-d-impact\/","name":"RGPD J-15 ... analyse d'impact au programme","isPartOf":{"@id":"https:\/\/dezavelle.com\/cabinet-dpo\/#website"},"datePublished":"2018-05-21T12:31:23+00:00","dateModified":"2018-05-21T13:09:19+00:00","author":{"@id":"https:\/\/dezavelle.com\/cabinet-dpo\/#\/schema\/person\/59ea01a3ef48a19c20a1fee6431eb4e9"},"description":"Dans le cas o\u00f9 un traitement des donn\u00e9es personnelles est susceptible de pr\u00e9senter un risque important pour les droits et libert\u00e9s des individus, le responsable de traitement est dans l\u2019obligation de proc\u00e9der \u00e0 une \u00e9tude d\u2019impact sur la vie priv\u00e9e (EIVP ou PIA)","breadcrumb":{"@id":"https:\/\/dezavelle.com\/cabinet-dpo\/rgpd-pia-eivp-analyse-d-impact\/#breadcrumb"},"inLanguage":"fr-FR","potentialAction":[{"@type":"ReadAction","target":["https:\/\/dezavelle.com\/cabinet-dpo\/rgpd-pia-eivp-analyse-d-impact\/"]}]},{"@type":"BreadcrumbList","@id":"https:\/\/dezavelle.com\/cabinet-dpo\/rgpd-pia-eivp-analyse-d-impact\/#breadcrumb","itemListElement":[{"@type":"ListItem","position":1,"name":"Accueil","item":"https:\/\/dezavelle.com\/cabinet-dpo\/"},{"@type":"ListItem","position":2,"name":"RGPD J-15 &#8230; analyse d&rsquo;impact au programme"}]},{"@type":"WebSite","@id":"https:\/\/dezavelle.com\/cabinet-dpo\/#website","url":"https:\/\/dezavelle.com\/cabinet-dpo\/","name":"Dezavelle","description":"","potentialAction":[{"@type":"SearchAction","target":{"@type":"EntryPoint","urlTemplate":"https:\/\/dezavelle.com\/cabinet-dpo\/?s={search_term_string}"},"query-input":"required name=search_term_string"}],"inLanguage":"fr-FR"},{"@type":"Person","@id":"https:\/\/dezavelle.com\/cabinet-dpo\/#\/schema\/person\/59ea01a3ef48a19c20a1fee6431eb4e9","name":"Sandra","image":{"@type":"ImageObject","inLanguage":"fr-FR","@id":"https:\/\/dezavelle.com\/cabinet-dpo\/#\/schema\/person\/image\/","url":"https:\/\/secure.gravatar.com\/avatar\/be7be2f59215b39ed756a0c2d87532ba?s=96&d=mm&r=g","contentUrl":"https:\/\/secure.gravatar.com\/avatar\/be7be2f59215b39ed756a0c2d87532ba?s=96&d=mm&r=g","caption":"Sandra"},"url":"https:\/\/dezavelle.com\/cabinet-dpo\/author\/sandra\/"}]}},"_links":{"self":[{"href":"https:\/\/dezavelle.com\/cabinet-dpo\/wp-json\/wp\/v2\/posts\/979"}],"collection":[{"href":"https:\/\/dezavelle.com\/cabinet-dpo\/wp-json\/wp\/v2\/posts"}],"about":[{"href":"https:\/\/dezavelle.com\/cabinet-dpo\/wp-json\/wp\/v2\/types\/post"}],"author":[{"embeddable":true,"href":"https:\/\/dezavelle.com\/cabinet-dpo\/wp-json\/wp\/v2\/users\/3"}],"replies":[{"embeddable":true,"href":"https:\/\/dezavelle.com\/cabinet-dpo\/wp-json\/wp\/v2\/comments?post=979"}],"version-history":[{"count":3,"href":"https:\/\/dezavelle.com\/cabinet-dpo\/wp-json\/wp\/v2\/posts\/979\/revisions"}],"predecessor-version":[{"id":982,"href":"https:\/\/dezavelle.com\/cabinet-dpo\/wp-json\/wp\/v2\/posts\/979\/revisions\/982"}],"wp:featuredmedia":[{"embeddable":true,"href":"https:\/\/dezavelle.com\/cabinet-dpo\/wp-json\/wp\/v2\/media\/976"}],"wp:attachment":[{"href":"https:\/\/dezavelle.com\/cabinet-dpo\/wp-json\/wp\/v2\/media?parent=979"}],"wp:term":[{"taxonomy":"category","embeddable":true,"href":"https:\/\/dezavelle.com\/cabinet-dpo\/wp-json\/wp\/v2\/categories?post=979"},{"taxonomy":"post_tag","embeddable":true,"href":"https:\/\/dezavelle.com\/cabinet-dpo\/wp-json\/wp\/v2\/tags?post=979"}],"curies":[{"name":"wp","href":"https:\/\/api.w.org\/{rel}","templated":true}]}}