{"id":803,"date":"2018-02-01T19:39:58","date_gmt":"2018-02-01T18:39:58","guid":{"rendered":"https:\/\/dezavelle.com\/cabinet-dpo\/?p=803"},"modified":"2018-02-04T18:58:27","modified_gmt":"2018-02-04T17:58:27","slug":"correspondant-protection-donnees-cil-dpo","status":"publish","type":"post","link":"https:\/\/dezavelle.com\/cabinet-dpo\/correspondant-protection-donnees-cil-dpo\/","title":{"rendered":"Correspondant \u00e0 la Protection des Donn\u00e9es &#8211; CIL\/DPO Externe (H\/F)"},"content":{"rendered":"<p>Cabinet d\u2019avocats sp\u00e9cialis\u00e9 Informatique et Libert\u00e9s et dans la protection des donn\u00e9es \u00e0 caract\u00e8re personnel, DPO-AVOCATS intervient en qualit\u00e9 de CIL EXTERNE aupr\u00e8s de nombreux clients et de CIL EXTERNE MUTUALISE aupr\u00e8s des entreprises de services \u00e0 la personne adh\u00e9rentes du SESP et de la FESP.<\/p>\n<p>Dans le cadre de son d\u00e9veloppement, et afin d\u2019\u00e9toffer son \u00e9quipe de Correspondant \u00e0 la Protection des Donn\u00e9es, DPO-AVOCATS recrute <strong>plusieurs CIL\/DPO externes.<\/strong><\/p>\n<p><strong><u>Votre mission<\/u><\/strong>\u00a0: vous aurez en charge un portefeuille de clients dont vous serez charg\u00e9 d\u2019assurer la conformit\u00e9. Plus particuli\u00e8rement, vous serez charg\u00e9(e) de<\/p>\n<ul>\n<li>Recenser et tenir \u00e0 jour la liste des fichiers de donn\u00e9es \u00e0 caract\u00e8re personnel, ,<\/li>\n<li>Proc\u00e9der aux formalit\u00e9s pr\u00e9alables concernant les traitements soumis \u00e0 autorisations ou \u00e0 avis pr\u00e9alable de la CNIL,<\/li>\n<li>Accompagner la mise en \u0153uvre des traitements de donn\u00e9es \u00e0 caract\u00e8re personnel et \u00e0 cette occasion formuler les conseils et les recommandations n\u00e9cessaires au respect de la loi Informatique et Libert\u00e9s,<\/li>\n<li>Etablir, actualiser et communiquer aux personnes en faisant la demande, la liste des traitements (ou registre) faisant l&rsquo;objet d&rsquo;une dispense de d\u00e9claration,<\/li>\n<li>Recevoir les demandes et les r\u00e9clamations adress\u00e9es par les personnes concern\u00e9es par les traitements, et selon leur nature de les instruire ou de les transmettre aux services comp\u00e9tents,<\/li>\n<li>Informer et sensibiliser les entreprises et leur personnel aux enjeux de la protection des donn\u00e9es,<\/li>\n<li>Alerter le responsable des traitements sur l&rsquo;existence de manquements \u00e0 la loi Informatique et Libert\u00e9s,<\/li>\n<li>R\u00e9aliser des tableaux de bord.<\/li>\n<\/ul>\n<p>Vous devrez par ailleurs participer avec le reste de l\u2019\u00e9quipe \u00e0 la veille quotidienne en mati\u00e8re de protection des donn\u00e9es \u00e0 caract\u00e8re personnel.<\/p>\n<p><strong><u>Votre profil<\/u><\/strong><strong>\u00a0<\/strong>: Titulaire d\u2019un BAC+5 \/ Master 2, de pr\u00e9f\u00e9rence en droit, avec une solide culture Informatique et Libert\u00e9s, vous avez d\u00e9j\u00e0 exerc\u00e9 des fonctions de CIL au sein d\u2019une entreprise, d\u2019un groupe ou d\u2019un cabinet.<\/p>\n<p>Un bon relationnel (notamment dans la relation client), une bonne capacit\u00e9 d\u2019adaptation, un go\u00fbt du travail en \u00e9quipe et un grand sens de la confidentialit\u00e9 sont les qualit\u00e9s recherch\u00e9es. Vous maitrisez l\u2019anglais professionnel (textes et ressources en anglais).<\/p>\n<p><strong><u>Statut<\/u><\/strong>\u00a0: selon profil, exp\u00e9rience et souhait<\/p>\n<p><strong><u>R\u00e9mun\u00e9ration<\/u><\/strong>\u00a0: selon profil et exp\u00e9rience<\/p>\n<p>Merci de nous adresser par courriel votre CV, lettre de motivation et pr\u00e9tention.<\/p>\n<p><a href=\"mailto:recrutement@dpo.expert\">recrutement@dpo.expert<\/a><\/p>\n","protected":false},"excerpt":{"rendered":"<p>Cabinet d\u2019avocats sp\u00e9cialis\u00e9 Informatique et Libert\u00e9s et dans la protection des donn\u00e9es \u00e0 caract\u00e8re personnel, DPO-AVOCATS intervient en qualit\u00e9 de CIL EXTERNE aupr\u00e8s de nombreux clients et de CIL EXTERNE MUTUALISE aupr\u00e8s des entreprises de services \u00e0 la personne adh\u00e9rentes du SESP et de la FESP. Dans le cadre de son d\u00e9veloppement, et afin d\u2019\u00e9toffer [&hellip;]<\/p>\n","protected":false},"author":3,"featured_media":0,"comment_status":"closed","ping_status":"open","sticky":false,"template":"","format":"standard","meta":{"footnotes":""},"categories":[3],"tags":[23,22,21,25],"yoast_head":"<!-- This site is optimized with the Yoast SEO plugin v20.4 - https:\/\/yoast.com\/wordpress\/plugins\/seo\/ -->\n<title>Correspondant \u00e0 la Protection des Donn\u00e9es - CIL\/DPO Externe (H\/F) - Dezavelle<\/title>\n<meta name=\"robots\" content=\"index, follow, max-snippet:-1, max-image-preview:large, max-video-preview:-1\" \/>\n<link rel=\"canonical\" href=\"https:\/\/dezavelle.com\/cabinet-dpo\/correspondant-protection-donnees-cil-dpo\/\" \/>\n<meta property=\"og:locale\" content=\"fr_FR\" \/>\n<meta property=\"og:type\" content=\"article\" \/>\n<meta property=\"og:title\" content=\"Correspondant \u00e0 la Protection des Donn\u00e9es - CIL\/DPO Externe (H\/F) - Dezavelle\" \/>\n<meta property=\"og:description\" content=\"Cabinet d\u2019avocats sp\u00e9cialis\u00e9 Informatique et Libert\u00e9s et dans la protection des donn\u00e9es \u00e0 caract\u00e8re personnel, DPO-AVOCATS intervient en qualit\u00e9 de CIL EXTERNE aupr\u00e8s de nombreux clients et de CIL EXTERNE MUTUALISE aupr\u00e8s des entreprises de services \u00e0 la personne adh\u00e9rentes du SESP et de la FESP. Dans le cadre de son d\u00e9veloppement, et afin d\u2019\u00e9toffer [&hellip;]\" \/>\n<meta property=\"og:url\" content=\"https:\/\/dezavelle.com\/cabinet-dpo\/correspondant-protection-donnees-cil-dpo\/\" \/>\n<meta property=\"og:site_name\" content=\"Dezavelle\" \/>\n<meta property=\"article:published_time\" content=\"2018-02-01T18:39:58+00:00\" \/>\n<meta property=\"article:modified_time\" content=\"2018-02-04T17:58:27+00:00\" \/>\n<meta name=\"author\" content=\"Sandra\" \/>\n<meta name=\"twitter:card\" content=\"summary_large_image\" \/>\n<meta name=\"twitter:label1\" content=\"\u00c9crit par\" \/>\n\t<meta name=\"twitter:data1\" content=\"Sandra\" \/>\n\t<meta name=\"twitter:label2\" content=\"Dur\u00e9e de lecture estim\u00e9e\" \/>\n\t<meta name=\"twitter:data2\" content=\"2 minutes\" \/>\n<script type=\"application\/ld+json\" class=\"yoast-schema-graph\">{\"@context\":\"https:\/\/schema.org\",\"@graph\":[{\"@type\":\"WebPage\",\"@id\":\"https:\/\/dezavelle.com\/cabinet-dpo\/correspondant-protection-donnees-cil-dpo\/\",\"url\":\"https:\/\/dezavelle.com\/cabinet-dpo\/correspondant-protection-donnees-cil-dpo\/\",\"name\":\"Correspondant \u00e0 la Protection des Donn\u00e9es - CIL\/DPO Externe (H\/F) - Dezavelle\",\"isPartOf\":{\"@id\":\"https:\/\/dezavelle.com\/cabinet-dpo\/#website\"},\"datePublished\":\"2018-02-01T18:39:58+00:00\",\"dateModified\":\"2018-02-04T17:58:27+00:00\",\"author\":{\"@id\":\"https:\/\/dezavelle.com\/cabinet-dpo\/#\/schema\/person\/59ea01a3ef48a19c20a1fee6431eb4e9\"},\"breadcrumb\":{\"@id\":\"https:\/\/dezavelle.com\/cabinet-dpo\/correspondant-protection-donnees-cil-dpo\/#breadcrumb\"},\"inLanguage\":\"fr-FR\",\"potentialAction\":[{\"@type\":\"ReadAction\",\"target\":[\"https:\/\/dezavelle.com\/cabinet-dpo\/correspondant-protection-donnees-cil-dpo\/\"]}]},{\"@type\":\"BreadcrumbList\",\"@id\":\"https:\/\/dezavelle.com\/cabinet-dpo\/correspondant-protection-donnees-cil-dpo\/#breadcrumb\",\"itemListElement\":[{\"@type\":\"ListItem\",\"position\":1,\"name\":\"Accueil\",\"item\":\"https:\/\/dezavelle.com\/cabinet-dpo\/\"},{\"@type\":\"ListItem\",\"position\":2,\"name\":\"Correspondant \u00e0 la Protection des Donn\u00e9es &#8211; CIL\/DPO Externe (H\/F)\"}]},{\"@type\":\"WebSite\",\"@id\":\"https:\/\/dezavelle.com\/cabinet-dpo\/#website\",\"url\":\"https:\/\/dezavelle.com\/cabinet-dpo\/\",\"name\":\"Dezavelle\",\"description\":\"\",\"potentialAction\":[{\"@type\":\"SearchAction\",\"target\":{\"@type\":\"EntryPoint\",\"urlTemplate\":\"https:\/\/dezavelle.com\/cabinet-dpo\/?s={search_term_string}\"},\"query-input\":\"required name=search_term_string\"}],\"inLanguage\":\"fr-FR\"},{\"@type\":\"Person\",\"@id\":\"https:\/\/dezavelle.com\/cabinet-dpo\/#\/schema\/person\/59ea01a3ef48a19c20a1fee6431eb4e9\",\"name\":\"Sandra\",\"image\":{\"@type\":\"ImageObject\",\"inLanguage\":\"fr-FR\",\"@id\":\"https:\/\/dezavelle.com\/cabinet-dpo\/#\/schema\/person\/image\/\",\"url\":\"https:\/\/secure.gravatar.com\/avatar\/be7be2f59215b39ed756a0c2d87532ba?s=96&d=mm&r=g\",\"contentUrl\":\"https:\/\/secure.gravatar.com\/avatar\/be7be2f59215b39ed756a0c2d87532ba?s=96&d=mm&r=g\",\"caption\":\"Sandra\"},\"url\":\"https:\/\/dezavelle.com\/cabinet-dpo\/author\/sandra\/\"}]}<\/script>\n<!-- \/ Yoast SEO plugin. -->","yoast_head_json":{"title":"Correspondant \u00e0 la Protection des Donn\u00e9es - CIL\/DPO Externe (H\/F) - Dezavelle","robots":{"index":"index","follow":"follow","max-snippet":"max-snippet:-1","max-image-preview":"max-image-preview:large","max-video-preview":"max-video-preview:-1"},"canonical":"https:\/\/dezavelle.com\/cabinet-dpo\/correspondant-protection-donnees-cil-dpo\/","og_locale":"fr_FR","og_type":"article","og_title":"Correspondant \u00e0 la Protection des Donn\u00e9es - CIL\/DPO Externe (H\/F) - Dezavelle","og_description":"Cabinet d\u2019avocats sp\u00e9cialis\u00e9 Informatique et Libert\u00e9s et dans la protection des donn\u00e9es \u00e0 caract\u00e8re personnel, DPO-AVOCATS intervient en qualit\u00e9 de CIL EXTERNE aupr\u00e8s de nombreux clients et de CIL EXTERNE MUTUALISE aupr\u00e8s des entreprises de services \u00e0 la personne adh\u00e9rentes du SESP et de la FESP. Dans le cadre de son d\u00e9veloppement, et afin d\u2019\u00e9toffer [&hellip;]","og_url":"https:\/\/dezavelle.com\/cabinet-dpo\/correspondant-protection-donnees-cil-dpo\/","og_site_name":"Dezavelle","article_published_time":"2018-02-01T18:39:58+00:00","article_modified_time":"2018-02-04T17:58:27+00:00","author":"Sandra","twitter_card":"summary_large_image","twitter_misc":{"\u00c9crit par":"Sandra","Dur\u00e9e de lecture estim\u00e9e":"2 minutes"},"schema":{"@context":"https:\/\/schema.org","@graph":[{"@type":"WebPage","@id":"https:\/\/dezavelle.com\/cabinet-dpo\/correspondant-protection-donnees-cil-dpo\/","url":"https:\/\/dezavelle.com\/cabinet-dpo\/correspondant-protection-donnees-cil-dpo\/","name":"Correspondant \u00e0 la Protection des Donn\u00e9es - CIL\/DPO Externe (H\/F) - Dezavelle","isPartOf":{"@id":"https:\/\/dezavelle.com\/cabinet-dpo\/#website"},"datePublished":"2018-02-01T18:39:58+00:00","dateModified":"2018-02-04T17:58:27+00:00","author":{"@id":"https:\/\/dezavelle.com\/cabinet-dpo\/#\/schema\/person\/59ea01a3ef48a19c20a1fee6431eb4e9"},"breadcrumb":{"@id":"https:\/\/dezavelle.com\/cabinet-dpo\/correspondant-protection-donnees-cil-dpo\/#breadcrumb"},"inLanguage":"fr-FR","potentialAction":[{"@type":"ReadAction","target":["https:\/\/dezavelle.com\/cabinet-dpo\/correspondant-protection-donnees-cil-dpo\/"]}]},{"@type":"BreadcrumbList","@id":"https:\/\/dezavelle.com\/cabinet-dpo\/correspondant-protection-donnees-cil-dpo\/#breadcrumb","itemListElement":[{"@type":"ListItem","position":1,"name":"Accueil","item":"https:\/\/dezavelle.com\/cabinet-dpo\/"},{"@type":"ListItem","position":2,"name":"Correspondant \u00e0 la Protection des Donn\u00e9es &#8211; CIL\/DPO Externe (H\/F)"}]},{"@type":"WebSite","@id":"https:\/\/dezavelle.com\/cabinet-dpo\/#website","url":"https:\/\/dezavelle.com\/cabinet-dpo\/","name":"Dezavelle","description":"","potentialAction":[{"@type":"SearchAction","target":{"@type":"EntryPoint","urlTemplate":"https:\/\/dezavelle.com\/cabinet-dpo\/?s={search_term_string}"},"query-input":"required name=search_term_string"}],"inLanguage":"fr-FR"},{"@type":"Person","@id":"https:\/\/dezavelle.com\/cabinet-dpo\/#\/schema\/person\/59ea01a3ef48a19c20a1fee6431eb4e9","name":"Sandra","image":{"@type":"ImageObject","inLanguage":"fr-FR","@id":"https:\/\/dezavelle.com\/cabinet-dpo\/#\/schema\/person\/image\/","url":"https:\/\/secure.gravatar.com\/avatar\/be7be2f59215b39ed756a0c2d87532ba?s=96&d=mm&r=g","contentUrl":"https:\/\/secure.gravatar.com\/avatar\/be7be2f59215b39ed756a0c2d87532ba?s=96&d=mm&r=g","caption":"Sandra"},"url":"https:\/\/dezavelle.com\/cabinet-dpo\/author\/sandra\/"}]}},"_links":{"self":[{"href":"https:\/\/dezavelle.com\/cabinet-dpo\/wp-json\/wp\/v2\/posts\/803"}],"collection":[{"href":"https:\/\/dezavelle.com\/cabinet-dpo\/wp-json\/wp\/v2\/posts"}],"about":[{"href":"https:\/\/dezavelle.com\/cabinet-dpo\/wp-json\/wp\/v2\/types\/post"}],"author":[{"embeddable":true,"href":"https:\/\/dezavelle.com\/cabinet-dpo\/wp-json\/wp\/v2\/users\/3"}],"replies":[{"embeddable":true,"href":"https:\/\/dezavelle.com\/cabinet-dpo\/wp-json\/wp\/v2\/comments?post=803"}],"version-history":[{"count":2,"href":"https:\/\/dezavelle.com\/cabinet-dpo\/wp-json\/wp\/v2\/posts\/803\/revisions"}],"predecessor-version":[{"id":805,"href":"https:\/\/dezavelle.com\/cabinet-dpo\/wp-json\/wp\/v2\/posts\/803\/revisions\/805"}],"wp:attachment":[{"href":"https:\/\/dezavelle.com\/cabinet-dpo\/wp-json\/wp\/v2\/media?parent=803"}],"wp:term":[{"taxonomy":"category","embeddable":true,"href":"https:\/\/dezavelle.com\/cabinet-dpo\/wp-json\/wp\/v2\/categories?post=803"},{"taxonomy":"post_tag","embeddable":true,"href":"https:\/\/dezavelle.com\/cabinet-dpo\/wp-json\/wp\/v2\/tags?post=803"}],"curies":[{"name":"wp","href":"https:\/\/api.w.org\/{rel}","templated":true}]}}